{"id":19,"date":"2024-09-10T16:53:00","date_gmt":"2024-09-10T16:53:00","guid":{"rendered":"https:\/\/bodeplay.com.br\/news\/?p=19"},"modified":"2026-09-02T16:56:37","modified_gmt":"2026-09-02T16:56:37","slug":"loja-maconica-justica-e-verdade-1-459-comemora-70-anos-com-grande-celebracao-em-capinopolis","status":"publish","type":"post","link":"https:\/\/bodeplay.com.br\/news\/loja-maconica-justica-e-verdade-1-459-comemora-70-anos-com-grande-celebracao-em-capinopolis\/","title":{"rendered":"Loja Ma\u00e7\u00f4nica Justi\u00e7a e Verdade 1.459 comemora 70 anos com grande celebra\u00e7\u00e3o em Capin\u00f3polis"},"content":{"rendered":"\n<figure class=\"wp-block-image is-resized\"><img decoding=\"async\" src=\"https:\/\/www.tudoemdia.com\/wp-content\/uploads\/2024\/09\/Justica-e-Verdade-70-anos-2024-159-1024x768.jpg\" alt=\"\" class=\"wp-image-274826\" style=\"aspect-ratio:1.3333333333333333;width:1024px;height:auto\"\/><\/figure>\n\n\n\n<p class=\"wp-block-paragraph\">No \u00faltimo s\u00e1bado, 14 de setembro, a Loja Ma\u00e7\u00f4nica Justi\u00e7a e Verdade 1.459 celebrou seus 70 anos de funda\u00e7\u00e3o em uma cerim\u00f4nia marcada por gratid\u00e3o e reconhecimento. O evento teve in\u00edcio \u00e0s 18h, reunindo amigos, familiares e ma\u00e7ons de diversas partes da regi\u00e3o em seu templo, que estava lotado para prestigiar a ocasi\u00e3o.<\/p>\n\n\n\n<p class=\"wp-block-paragraph\">Entre os convidados, estiveram presentes Leonardo Augusto Reis, Delegado Lit\u00fargico do Supremo Conselho do Brasil do Grau 33 para o Rito Escoc\u00eas Antigo e Aceito, e Maur\u00edcio Prado Filho, Presidente do Ilustre Conselho Filos\u00f3fico de Kadosh 151 (Graus 19 ao 30).<\/p>\n\n\n\n<p class=\"wp-block-paragraph\">&#8211; Continua ap\u00f3s a publicidade &#8211;<\/p>\n\n\n\n<figure class=\"wp-block-image is-resized\"><a class=\"ad-destination\" href=\"https:\/\/www.ailha.com.br\/product\/kit-3-un-viscum-vet-gotas-l-quido-contra-c-ncer-em-c-es-e-gatos\/?track=tudo-em-dia\" target=\"_blank\" rel=\"noopener\"><img decoding=\"async\" src=\"https:\/\/www.tudoemdia.com\/wp-content\/uploads\/2026\/05\/00ViscumLiquido_Ailha.webp\" alt=\"A ILHA - Viscum Vet Liquido para c\u00e2ncer em c\u00e3es e gatos\" style=\"aspect-ratio:1;width:450px;height:auto\"\/><\/a><\/figure>\n\n\n\n<figure class=\"wp-block-image is-resized\"><img decoding=\"async\" src=\"https:\/\/www.tudoemdia.com\/wp-content\/uploads\/2024\/09\/Justica-e-Verdade-70-anos-2024-90-1024x683.jpg\" alt=\"\" class=\"wp-image-274758\" style=\"aspect-ratio:1.499267935578331;width:1024px;height:auto\"\/><figcaption class=\"wp-element-caption\"><em>(Esq) Leonardo Reis e Ant\u00f4nio Bas\u00edlio | Foto: Daniel Braga<\/em><\/figcaption><\/figure>\n\n\n\n<p class=\"wp-block-paragraph\">A cerim\u00f4nia tamb\u00e9m contou com a participa\u00e7\u00e3o de Osvaldo Nozella, ma\u00e7om e terceiro prefeito da hist\u00f3ria de Capin\u00f3polis, al\u00e9m do atual prefeito, Cleidimar Zanotto.<\/p>\n\n\n\n<figure class=\"wp-block-image is-resized\"><img decoding=\"async\" src=\"https:\/\/www.tudoemdia.com\/wp-content\/uploads\/2024\/09\/Justica-e-Verdade-70-anos-2024-76-683x1024.jpg\" alt=\"\" class=\"wp-image-274744\" style=\"aspect-ratio:0.6669921875;width:683px;height:auto\"\/><figcaption class=\"wp-element-caption\">(Esq) Osvaldo Nozella e Cleidimar Zanotto.<\/figcaption><\/figure>\n\n\n\n<p class=\"wp-block-paragraph\">Durante o evento, o ex-empres\u00e1rio Jorginho Jacob Habib foi homenageado por sua contribui\u00e7\u00e3o \u00e0 Creche Andr\u00e9 Luiz, que durante seu per\u00edodo de funcionamento contou com suas doa\u00e7\u00f5es di\u00e1rias de p\u00e3es \u00e0s crian\u00e7as.<\/p>\n\n\n\n<p class=\"wp-block-paragraph\">&#8211; Fique em dia com os acontecimentos &#8211;<\/p>\n\n\n\n<figure class=\"wp-block-image is-resized\"><a class=\"ad-destination\" href=\"https:\/\/whatsapp.com\/channel\/0029VaDv1i29MF99cN1BcJ0L\" target=\"_blank\" rel=\"noopener\"><img decoding=\"async\" src=\"https:\/\/www.tudoemdia.com\/wp-content\/uploads\/2025\/09\/gurpo-zap.jpg\" alt=\"Entre no nosso grupo de WhatsApp\" style=\"aspect-ratio:1;width:400px;height:auto\"\/><\/a><\/figure>\n\n\n\n<figure class=\"wp-block-image is-resized\"><img decoding=\"async\" src=\"https:\/\/www.tudoemdia.com\/wp-content\/uploads\/2024\/09\/Justica-e-Verdade-70-anos-2024-104-1024x683.jpg\" alt=\"\" class=\"wp-image-274771\" style=\"aspect-ratio:1.499267935578331;width:1024px;height:auto\"\/><figcaption class=\"wp-element-caption\">Jorginho recebe aplausos do p\u00fablico presente<\/figcaption><\/figure>\n\n\n\n<p class=\"wp-block-paragraph\">\u201cA Loja Ma\u00e7\u00f4nica Justi\u00e7a &amp; Verdade 1.459, e a Fraternidade Feminina Cruzeiro do Sul de Capin\u00f3polis tem o orgulho de expressar seus mais sinceros agradecimentos pela sua dedica\u00e7\u00e3o, amor e solidariedade \u00e0s crian\u00e7as da Creche Andr\u00e9 Luiz de Capin\u00f3polis. Seu comprometimento, profissionalismo e contribui\u00e7\u00e3o foram fundamentais para o sucesso das nossas atividades e para o cumprimento da nossa miss\u00e3o.\u201d, destacou o texto do certificado.<\/p>\n\n\n\n<p class=\"wp-block-paragraph\">O empres\u00e1rio Paulo Roberto do Nascimento, recebeu o carinho dos ma\u00e7ons por sua participa\u00e7\u00e3o nos Festivais do Chopp, cuja renda era revertida para a creche Andr\u00e9 Luiz. Paulo Roberto doava gado.<\/p>\n\n\n\n<p class=\"wp-block-paragraph\">Um document\u00e1rio produzido pelo&nbsp;<a href=\"https:\/\/www.tudoemdia.com\/\">Tudo Em Dia<\/a>, e exibido durante a cerim\u00f4nia, resgatou a hist\u00f3ria da Loja Justi\u00e7a e Verdade 1.459, destacando sua profunda liga\u00e7\u00e3o com a hist\u00f3ria de Capin\u00f3polis. O jornalista Paulo Braga fez a apresenta\u00e7\u00e3o do document\u00e1rio antes da exibi\u00e7\u00e3o.<\/p>\n\n\n\n<figure class=\"wp-block-image is-resized\"><img decoding=\"async\" src=\"https:\/\/www.tudoemdia.com\/wp-content\/uploads\/2024\/09\/Justica-e-Verdade-70-anos-2024-22-1024x683.jpg\" alt=\"Paulo Braga, jornalista, dirigiu a produ\u00e7\u00e3o do document\u00e1rio | Foto: Daniel Braga\" class=\"wp-image-274701\" style=\"aspect-ratio:1.499267935578331;width:1024px;height:auto\"\/><figcaption class=\"wp-element-caption\"><em>Paulo Braga, jornalista, dirigiu a produ\u00e7\u00e3o do document\u00e1rio | Foto: Daniel Braga<\/em><\/figcaption><\/figure>\n\n\n\n<p class=\"wp-block-paragraph\">O advogado e ma\u00e7om Janeir Parreira de Lima, e Doralice Pereira conduziram a linha narrativa do curta-metragem.<\/p>\n\n\n\n<h2 class=\"wp-block-heading\"><strong>Hist\u00f3ria<\/strong><\/h2>\n\n\n\n<p class=\"wp-block-paragraph\">Fundada em 9 de setembro de 1954, por nomes como Jevo\u00e1 Coelho Barbosa, Jos\u00e9 Arruda Mendes, Jos\u00e9 Gonzaga de Souza e outros, a loja se consolidou como uma das mais importantes do interior de Minas Gerais. Ao longo de seus 70 anos, quatro prefeitos ma\u00e7ons governaram Capin\u00f3polis, sendo tr\u00eas deles membros da Justi\u00e7a e Verdade:&nbsp;<a href=\"https:\/\/www.capinopolis.mg.leg.br\/a-cidade\/historia\" target=\"_blank\" rel=\"noopener\">Osvaldo Nozella, Iolando \u00c2ngelo e C\u00e2ndido Vaz<\/a>.<\/p>\n\n\n\n<p class=\"wp-block-paragraph\">Osvaldo Nozella, que foi vice-prefeito na gest\u00e3o de Odovilho Alves Garcia, \u00e9 lembrado por ter liderado um marco importante para o munic\u00edpio: a chegada da energia el\u00e9trica e do sistema de telefonia no in\u00edcio da d\u00e9cada de 1960. Esse momento foi um divisor de \u00e1guas para o progresso de Capin\u00f3polis.<\/p>\n\n\n\n<p class=\"wp-block-paragraph\">Outro cap\u00edtulo importante da hist\u00f3ria da loja foi a funda\u00e7\u00e3o da Fraternidade Feminina Cruzeiro do Sul de Capin\u00f3polis, em 25 de agosto de 1970. Reconhecida como entidade de utilidade p\u00fablica em n\u00edvel municipal, estadual e federal, a fraternidade teve um papel crucial no desenvolvimento social da cidade.<\/p>\n\n\n\n<p class=\"wp-block-paragraph\">Gilson Nunes Zanotto, Vener\u00e1vel Mestre da Loja, agradeceu a todos pela presen\u00e7a e refor\u00e7ou o compromisso da Justi\u00e7a e Verdade 1.459 com os princ\u00edpios ma\u00e7\u00f4nicos. \u201cEm meu nome e de todos os irm\u00e3os pertencentes \u00e0 Loja, agrade\u00e7o imensamente todos os cumprimentos recebidos. De nossa parte, tenham certeza que continuaremos com o trabalho s\u00e9rio e repleto de amor \u00e0 nossa Ordem com a mesma for\u00e7a, dedica\u00e7\u00e3o e parceria com todas as Lojas irm\u00e3s. Estaremos sempre defendendo nossa tr\u00edade \u201cIgualdade, Fraternidade e Liberdade\u201d e nos esfor\u00e7ando para tornar a humanidade mais feliz. Rumo aos 100 anos de trabalho, dedica\u00e7\u00e3o e sucesso!\u201d, destacou o Vener\u00e1vel.<\/p>\n\n\n\n<p class=\"wp-block-paragraph\">A celebra\u00e7\u00e3o contou com entrega de comendas a alguns ma\u00e7ons do quadro da Justi\u00e7a e Verdade, e foi encerrada ao som da Banda de M\u00fasica Santa Cec\u00edlia, de Capin\u00f3polis, em uma noite que ficar\u00e1 marcada na mem\u00f3ria da cidade e de todos os presentes.<\/p>\n\n\n\n<h2 class=\"wp-block-heading\">Fotos<\/h2>\n\n\n\n<figure class=\"wp-block-image is-resized\"><img decoding=\"async\" src=\"https:\/\/www.tudoemdia.com\/wp-content\/uploads\/2024\/09\/Justica-e-Verdade-70-anos-2024-77-1024x683.jpg\" alt=\"\" class=\"wp-image-274745\" style=\"aspect-ratio:1.499267935578331;width:1024px;height:auto\"\/><\/figure>\n\n\n\n<figure class=\"wp-block-image is-resized\"><img decoding=\"async\" src=\"https:\/\/www.tudoemdia.com\/wp-content\/uploads\/2024\/09\/Justica-e-Verdade-70-anos-2024-167-1024x683.jpg\" alt=\"\" style=\"aspect-ratio:1.499267935578331;width:1024px;height:auto\"\/><\/figure>\n","protected":false},"excerpt":{"rendered":"<p>No \u00faltimo s\u00e1bado, 14 de setembro, a Loja Ma\u00e7\u00f4nica Justi\u00e7a e Verdade 1.459 celebrou seus 70 anos de funda\u00e7\u00e3o em uma cerim\u00f4nia marcada por gratid\u00e3o e reconhecimento. O evento teve in\u00edcio \u00e0s 18h, reunindo amigos, familiares e ma\u00e7ons de diversas partes da regi\u00e3o em seu templo, que estava lotado para prestigiar a ocasi\u00e3o. Entre os [&hellip;]<\/p>\n","protected":false},"author":1,"featured_media":22,"comment_status":"open","ping_status":"open","sticky":false,"template":"","format":"standard","meta":{"footnotes":"","_links_to":"","_links_to_target":""},"categories":[1],"tags":[],"class_list":["post-19","post","type-post","status-publish","format-standard","has-post-thumbnail","category-noticia"],"_links":{"self":[{"href":"https:\/\/bodeplay.com.br\/news\/wp-json\/wp\/v2\/posts\/19","targetHints":{"allow":["GET"]}}],"collection":[{"href":"https:\/\/bodeplay.com.br\/news\/wp-json\/wp\/v2\/posts"}],"about":[{"href":"https:\/\/bodeplay.com.br\/news\/wp-json\/wp\/v2\/types\/post"}],"author":[{"embeddable":true,"href":"https:\/\/bodeplay.com.br\/news\/wp-json\/wp\/v2\/users\/1"}],"replies":[{"embeddable":true,"href":"https:\/\/bodeplay.com.br\/news\/wp-json\/wp\/v2\/comments?post=19"}],"version-history":[{"count":1,"href":"https:\/\/bodeplay.com.br\/news\/wp-json\/wp\/v2\/posts\/19\/revisions"}],"predecessor-version":[{"id":21,"href":"https:\/\/bodeplay.com.br\/news\/wp-json\/wp\/v2\/posts\/19\/revisions\/21"}],"wp:featuredmedia":[{"embeddable":true,"href":"https:\/\/bodeplay.com.br\/news\/wp-json\/wp\/v2\/media\/22"}],"wp:attachment":[{"href":"https:\/\/bodeplay.com.br\/news\/wp-json\/wp\/v2\/media?parent=19"}],"wp:term":[{"taxonomy":"category","embeddable":true,"href":"https:\/\/bodeplay.com.br\/news\/wp-json\/wp\/v2\/categories?post=19"},{"taxonomy":"post_tag","embeddable":true,"href":"https:\/\/bodeplay.com.br\/news\/wp-json\/wp\/v2\/tags?post=19"}],"curies":[{"name":"wp","href":"https:\/\/api.w.org\/{rel}","templated":true}]}}