{"id":12,"date":"2026-09-02T16:44:36","date_gmt":"2026-09-02T16:44:36","guid":{"rendered":"https:\/\/bodeplay.com.br\/news\/?p=12"},"modified":"2026-09-02T16:44:37","modified_gmt":"2026-09-02T16:44:37","slug":"grao-mestre-do-gobminas-visita-loja-justica-e-verdade-em-capinopolis","status":"publish","type":"post","link":"https:\/\/bodeplay.com.br\/news\/grao-mestre-do-gobminas-visita-loja-justica-e-verdade-em-capinopolis\/","title":{"rendered":"Gr\u00e3o-Mestre do GOBMINAS visita Loja Justi\u00e7a e Verdade em Capin\u00f3polis"},"content":{"rendered":"\n<p class=\"wp-block-paragraph\">Na noite da \u00faltima ter\u00e7a-feira, 7 de abril de 2026, a Loja Ma\u00e7\u00f4nica Justi\u00e7a e Verdade n\u00ba 1459, do oriente de&nbsp;<a href=\"https:\/\/www.tudoemdia.com\/capinopolis-mg\/\">Capin\u00f3polis<\/a>&nbsp;(MG), recebeu a ilustre visita do Eminente Gr\u00e3o-Mestre do GOBMINAS, Jorge Luiz de Paula Ribeiro.<\/p>\n\n\n\n<figure class=\"wp-block-image\"><img decoding=\"async\" src=\"https:\/\/www.tudoemdia.com\/wp-content\/uploads\/2026\/04\/destaque-visita-grao-mestre.webp\" alt=\"(Esq) Daniel Cano, Geraldo Mendes, Jorge Luiz, Gilson Zanotto e Wender Dantas | Foto: Paulo Braga\" class=\"wp-image-302557\"\/><figcaption class=\"wp-element-caption\">(Esq) Daniel Cano, Geraldo Mendes, Jorge Luiz, Gilson Zanotto e Wender Dantas | Foto: Paulo Braga<\/figcaption><\/figure>\n\n\n\n<p class=\"wp-block-paragraph\">A sess\u00e3o foi conduzida pelo Vener\u00e1vel Mestre Gilson Nunes Zanotto e contou com a presen\u00e7a de importantes lideran\u00e7as da ma\u00e7onaria, entre elas Daniel Cano, Assessor Especial do Gabinete do Gr\u00e3o-Mestre Geral do GOB.<\/p>\n\n\n\n<p class=\"wp-block-paragraph\">&#8211; Continua ap\u00f3s a publicidade &#8211;<\/p>\n\n\n\n<figure class=\"wp-block-image is-resized\"><a class=\"ad-destination\" href=\"https:\/\/www.ailha.com.br\/product\/kit-3-un-viscum-vet-gotas-l-quido-contra-c-ncer-em-c-es-e-gatos\/?track=tudo-em-dia\" target=\"_blank\" rel=\"noopener\"><img decoding=\"async\" src=\"https:\/\/www.tudoemdia.com\/wp-content\/uploads\/2026\/05\/00ViscumLiquido_Ailha.webp\" alt=\"A ILHA - Viscum Vet Liquido para c\u00e2ncer em c\u00e3es e gatos\" style=\"aspect-ratio:1;width:450px;height:auto\"\/><\/a><\/figure>\n\n\n\n<p class=\"wp-block-paragraph\">O encontro tamb\u00e9m reuniu representantes de lojas ma\u00e7\u00f4nicas dos orientes de Capin\u00f3polis-MG, Can\u00e1polis-MG, Ituiutaba-MG e Carmo do Rio Verde-GO, refor\u00e7ando a integra\u00e7\u00e3o entre as cidades e o fortalecimento das atividades institucionais.<\/p>\n\n\n\n<p class=\"wp-block-paragraph\">Um document\u00e1rio que conta um recorte da&nbsp;<a href=\"https:\/\/www.tudoemdia.com\/tag\/minha-historia-em-dia\">hist\u00f3ria<\/a>&nbsp;da Loja Ma\u00e7\u00f4nica Justi\u00e7a e Verdade 1.459, e sua import\u00e2ncia para Capin\u00f3polis, foi exibido.<\/p>\n\n\n\n<p class=\"wp-block-paragraph\">&#8211; Fique em dia com os acontecimentos &#8211;<\/p>\n\n\n\n<figure class=\"wp-block-image is-resized\"><a class=\"ad-destination\" href=\"https:\/\/whatsapp.com\/channel\/0029VaDv1i29MF99cN1BcJ0L\" target=\"_blank\" rel=\"noopener\"><img decoding=\"async\" src=\"https:\/\/www.tudoemdia.com\/wp-content\/uploads\/2025\/09\/gurpo-zap.jpg\" alt=\"Entre no nosso grupo de WhatsApp\" style=\"aspect-ratio:1;width:400px;height:auto\"\/><\/a><\/figure>\n\n\n\n<p class=\"wp-block-paragraph\"><strong>O&nbsp;<a href=\"https:\/\/www.tudoemdia.com\/\">Tudo Em Dia<\/a>&nbsp;tamb\u00e9m j\u00e1 contou sobre a chegada da energia el\u00e9trica, telefone e progresso \u00e0 Capin\u00f3polis por meio de um prefeito ma\u00e7om.<\/strong><\/p>\n\n\n\n<figure class=\"wp-block-embed is-type-rich is-provider-incorporar-manipulador wp-block-embed-incorporar-manipulador\"><div class=\"wp-block-embed__wrapper\">\nhttps:\/\/youtube.com\/watch?v=EgzbmoEuk-Y%3Ffeature%3Doembed\n<\/div><\/figure>\n\n\n\n<p class=\"wp-block-paragraph\">O Gr\u00e3o-Mestre Jorge Luiz destacou que j\u00e1 percorreu grande parte das lojas gobianas em&nbsp;<a href=\"https:\/\/www.tudoemdia.com\/tag\/minas-gerais\/\">Minas Gerais<\/a>, ressaltando o trabalho desenvolvido e o compromisso com os princ\u00edpios da ma\u00e7onaria.<\/p>\n\n\n\n<figure class=\"wp-block-image\"><img decoding=\"async\" src=\"https:\/\/www.tudoemdia.com\/wp-content\/uploads\/2026\/04\/JOSE-LUIZ-GRAO-MESTRE-GOBMINAS.webp\" alt=\"Gr\u00e3o-Mestre Jorge Luiz  | Foto: Paulo Braga\" class=\"wp-image-302579\"\/><figcaption class=\"wp-element-caption\">Gr\u00e3o-Mestre Jorge Luiz | Foto: Paulo Braga<\/figcaption><\/figure>\n\n\n\n<p class=\"wp-block-paragraph\">Dando continuidade \u00e0 agenda na regi\u00e3o do Pontal, o l\u00edder da ma\u00e7onaria mineira dever\u00e1 visitar, nesta quinta-feira (9), a cidade de Can\u00e1polis, onde participar\u00e1 de novos encontros com membros da institui\u00e7\u00e3o.<\/p>\n\n\n\n<figure class=\"wp-block-image\"><img decoding=\"async\" src=\"https:\/\/www.tudoemdia.com\/wp-content\/uploads\/2026\/04\/destaque-visita-grao-mestre-2.webp\" alt=\"\"\/><\/figure>\n","protected":false},"excerpt":{"rendered":"<p>Na noite da \u00faltima ter\u00e7a-feira, 7 de abril de 2026, a Loja Ma\u00e7\u00f4nica Justi\u00e7a e Verdade n\u00ba 1459, do oriente de&nbsp;Capin\u00f3polis&nbsp;(MG), recebeu a ilustre visita do Eminente Gr\u00e3o-Mestre do GOBMINAS, Jorge Luiz de Paula Ribeiro. A sess\u00e3o foi conduzida pelo Vener\u00e1vel Mestre Gilson Nunes Zanotto e contou com a presen\u00e7a de importantes lideran\u00e7as da ma\u00e7onaria, [&hellip;]<\/p>\n","protected":false},"author":1,"featured_media":14,"comment_status":"open","ping_status":"open","sticky":false,"template":"","format":"standard","meta":{"footnotes":"","_links_to":"","_links_to_target":""},"categories":[1],"tags":[],"class_list":["post-12","post","type-post","status-publish","format-standard","has-post-thumbnail","category-noticia"],"_links":{"self":[{"href":"https:\/\/bodeplay.com.br\/news\/wp-json\/wp\/v2\/posts\/12","targetHints":{"allow":["GET"]}}],"collection":[{"href":"https:\/\/bodeplay.com.br\/news\/wp-json\/wp\/v2\/posts"}],"about":[{"href":"https:\/\/bodeplay.com.br\/news\/wp-json\/wp\/v2\/types\/post"}],"author":[{"embeddable":true,"href":"https:\/\/bodeplay.com.br\/news\/wp-json\/wp\/v2\/users\/1"}],"replies":[{"embeddable":true,"href":"https:\/\/bodeplay.com.br\/news\/wp-json\/wp\/v2\/comments?post=12"}],"version-history":[{"count":1,"href":"https:\/\/bodeplay.com.br\/news\/wp-json\/wp\/v2\/posts\/12\/revisions"}],"predecessor-version":[{"id":15,"href":"https:\/\/bodeplay.com.br\/news\/wp-json\/wp\/v2\/posts\/12\/revisions\/15"}],"wp:featuredmedia":[{"embeddable":true,"href":"https:\/\/bodeplay.com.br\/news\/wp-json\/wp\/v2\/media\/14"}],"wp:attachment":[{"href":"https:\/\/bodeplay.com.br\/news\/wp-json\/wp\/v2\/media?parent=12"}],"wp:term":[{"taxonomy":"category","embeddable":true,"href":"https:\/\/bodeplay.com.br\/news\/wp-json\/wp\/v2\/categories?post=12"},{"taxonomy":"post_tag","embeddable":true,"href":"https:\/\/bodeplay.com.br\/news\/wp-json\/wp\/v2\/tags?post=12"}],"curies":[{"name":"wp","href":"https:\/\/api.w.org\/{rel}","templated":true}]}}